{"id":8419,"date":"2021-09-16T13:46:40","date_gmt":"2021-09-16T12:46:40","guid":{"rendered":"https:\/\/seanet.eu\/news\/5o-aniversario-de-seanet-europa\/"},"modified":"2024-10-24T14:16:54","modified_gmt":"2024-10-24T13:16:54","slug":"5o-aniversario-de-seanet-europa","status":"publish","type":"post","link":"https:\/\/seanet.eu\/es\/news\/5o-aniversario-de-seanet-europa\/","title":{"rendered":"5\u00ba ANIVERSARIO DE SEANET EUROPA"},"content":{"rendered":"\t\t<div data-elementor-type=\"wp-post\" data-elementor-id=\"8419\" class=\"elementor elementor-8419 elementor-228\" data-elementor-settings=\"{&quot;ha_cmc_init_switcher&quot;:&quot;no&quot;}\" data-elementor-post-type=\"post\">\n\t\t\t\t\t\t<section class=\"elementor-section elementor-top-section elementor-element elementor-element-5c7162f elementor-section-height-min-height elementor-section-boxed elementor-section-height-default elementor-section-items-middle\" data-id=\"5c7162f\" data-element_type=\"section\" data-settings=\"{&quot;_ha_eqh_enable&quot;:false}\">\n\t\t\t\t\t\t<div class=\"elementor-container elementor-column-gap-default\">\n\t\t\t\t\t<div class=\"elementor-column elementor-col-50 elementor-top-column elementor-element elementor-element-fd146a9\" data-id=\"fd146a9\" data-element_type=\"column\">\n\t\t\t<div class=\"elementor-widget-wrap elementor-element-populated\">\n\t\t\t\t\t\t<div class=\"elementor-element elementor-element-50c6f51 elementor-widget elementor-widget-video\" data-id=\"50c6f51\" data-element_type=\"widget\" data-settings=\"{&quot;youtube_url&quot;:&quot;https:\\\/\\\/www.youtube.com\\\/watch?v=bmkNPX_fuEg&amp;feature=youtu.be&quot;,&quot;video_type&quot;:&quot;youtube&quot;,&quot;controls&quot;:&quot;yes&quot;}\" data-widget_type=\"video.default\">\n\t\t\t\t<div class=\"elementor-widget-container\">\n\t\t\t\t\t\t\t<div class=\"elementor-wrapper elementor-open-inline\">\n\t\t\t<div class=\"elementor-video\"><\/div>\t\t<\/div>\n\t\t\t\t\t\t<\/div>\n\t\t\t\t<\/div>\n\t\t\t\t\t<\/div>\n\t\t<\/div>\n\t\t\t\t<div class=\"elementor-column elementor-col-50 elementor-top-column elementor-element elementor-element-3d44fa8\" data-id=\"3d44fa8\" data-element_type=\"column\">\n\t\t\t<div class=\"elementor-widget-wrap elementor-element-populated\">\n\t\t\t\t\t\t<div class=\"elementor-element elementor-element-573b17d elementor-widget elementor-widget-heading\" data-id=\"573b17d\" data-element_type=\"widget\" data-widget_type=\"heading.default\">\n\t\t\t\t<div class=\"elementor-widget-container\">\n\t\t\t\t\t<h2 class=\"elementor-heading-title elementor-size-default\">5 ANIVERSARIO EN EL FESTIVAL N\u00c1UTICO DE CANNES<\/h2>\t\t\t\t<\/div>\n\t\t\t\t<\/div>\n\t\t\t\t<div class=\"elementor-element elementor-element-4127b85 elementor-widget elementor-widget-text-editor\" data-id=\"4127b85\" data-element_type=\"widget\" data-widget_type=\"text-editor.default\">\n\t\t\t\t<div class=\"elementor-widget-container\">\n\t\t\t\t\t\t\t\t\t<p>SeaNet Europe celebr\u00f3 su 5\u00ba aniversario en el Festival N\u00e1utico de Cannes. Nuestro equipo de expertos se ha ampliado desde el lanzamiento de la empresa, as\u00ed como nuestra flota. Este mismo a\u00f1o, SeaNet bot\u00f3 un flamante Benetti Delfino 95&#8242; en copropiedad y vendi\u00f3 todas las acciones disponibles en pocos meses. Aunque los muelles estaban bastante distanciados socialmente, la calidad de los visitantes y el inter\u00e9s por las ofertas de copropiedad de SeaNet fueron m\u00e1ximos, lo que demuestra una vez m\u00e1s el atractivo y las ventajas del concepto de copropiedad.     <\/p>\n\t\t\t\t\t\t\t\t<\/div>\n\t\t\t\t<\/div>\n\t\t\t\t\t<\/div>\n\t\t<\/div>\n\t\t\t\t\t<\/div>\n\t\t<\/section>\n\t\t\t\t<\/div>\n\t\t","protected":false},"excerpt":{"rendered":"<p>SeaNet Europe celebr\u00f3 su 5\u00ba aniversario en el festival n\u00e1utico de Cannes.<\/p>\n","protected":false},"author":1,"featured_media":6657,"comment_status":"closed","ping_status":"closed","sticky":false,"template":"","format":"standard","meta":{"_acf_changed":false,"inline_featured_image":false,"footnotes":""},"categories":[67],"tags":[],"class_list":["post-8419","post","type-post","status-publish","format-standard","has-post-thumbnail","hentry","category-sin-categorizar"],"acf":[],"yoast_head":"<!-- This site is optimized with the Yoast SEO plugin v27.5 - https:\/\/yoast.com\/product\/yoast-seo-wordpress\/ -->\n<title>5\u00ba ANIVERSARIO DE SEANET EUROPA | SeaNet<\/title>\n<meta name=\"description\" content=\"5\u00ba ANIVERSARIO DE SEANET EUROPA. More yachting news on our website.\" \/>\n<meta name=\"robots\" content=\"index, follow, max-snippet:-1, max-image-preview:large, max-video-preview:-1\" \/>\n<link rel=\"canonical\" href=\"https:\/\/seanet.eu\/es\/news\/5o-aniversario-de-seanet-europa\/\" \/>\n<meta property=\"og:locale\" content=\"es_ES\" \/>\n<meta property=\"og:type\" content=\"article\" \/>\n<meta property=\"og:title\" content=\"5\u00ba ANIVERSARIO DE SEANET EUROPA | SeaNet\" \/>\n<meta property=\"og:description\" content=\"5\u00ba ANIVERSARIO DE SEANET EUROPA. More yachting news on our website.\" \/>\n<meta property=\"og:url\" content=\"https:\/\/seanet.eu\/es\/news\/5o-aniversario-de-seanet-europa\/\" \/>\n<meta property=\"og:site_name\" content=\"SeaNet\" \/>\n<meta property=\"article:published_time\" content=\"2021-09-16T12:46:40+00:00\" \/>\n<meta property=\"article:modified_time\" content=\"2024-10-24T13:16:54+00:00\" \/>\n<meta property=\"og:image\" content=\"https:\/\/seanet.eu\/wp-content\/uploads\/2022\/04\/Oasis-40M-Hull001-03.jpg\" \/>\n\t<meta property=\"og:image:width\" content=\"1920\" \/>\n\t<meta property=\"og:image:height\" content=\"1279\" \/>\n\t<meta property=\"og:image:type\" content=\"image\/jpeg\" \/>\n<meta name=\"author\" content=\"alena\" \/>\n<meta name=\"twitter:card\" content=\"summary_large_image\" \/>\n<meta name=\"twitter:label1\" content=\"Escrito por\" \/>\n\t<meta name=\"twitter:data1\" content=\"alena\" \/>\n\t<meta name=\"twitter:label2\" content=\"Tiempo de lectura\" \/>\n\t<meta name=\"twitter:data2\" content=\"1 minuto\" \/>\n<script type=\"application\/ld+json\" class=\"yoast-schema-graph\">{\"@context\":\"https:\\\/\\\/schema.org\",\"@graph\":[{\"@type\":\"Article\",\"@id\":\"https:\\\/\\\/seanet.eu\\\/es\\\/news\\\/5o-aniversario-de-seanet-europa\\\/#article\",\"isPartOf\":{\"@id\":\"https:\\\/\\\/seanet.eu\\\/es\\\/news\\\/5o-aniversario-de-seanet-europa\\\/\"},\"author\":{\"name\":\"alena\",\"@id\":\"https:\\\/\\\/seanet.eu\\\/es\\\/#\\\/schema\\\/person\\\/89119106fbaee96d54909d4da348db9a\"},\"headline\":\"5\u00ba ANIVERSARIO DE SEANET EUROPA\",\"datePublished\":\"2021-09-16T12:46:40+00:00\",\"dateModified\":\"2024-10-24T13:16:54+00:00\",\"mainEntityOfPage\":{\"@id\":\"https:\\\/\\\/seanet.eu\\\/es\\\/news\\\/5o-aniversario-de-seanet-europa\\\/\"},\"wordCount\":116,\"publisher\":{\"@id\":\"https:\\\/\\\/seanet.eu\\\/es\\\/#organization\"},\"image\":{\"@id\":\"https:\\\/\\\/seanet.eu\\\/es\\\/news\\\/5o-aniversario-de-seanet-europa\\\/#primaryimage\"},\"thumbnailUrl\":\"https:\\\/\\\/seanet.eu\\\/wp-content\\\/uploads\\\/2022\\\/04\\\/Oasis-40M-Hull001-03.jpg\",\"articleSection\":[\"Sin categorizar\"],\"inLanguage\":\"es\"},{\"@type\":\"WebPage\",\"@id\":\"https:\\\/\\\/seanet.eu\\\/es\\\/news\\\/5o-aniversario-de-seanet-europa\\\/\",\"url\":\"https:\\\/\\\/seanet.eu\\\/es\\\/news\\\/5o-aniversario-de-seanet-europa\\\/\",\"name\":\"5\u00ba ANIVERSARIO DE SEANET EUROPA | SeaNet\",\"isPartOf\":{\"@id\":\"https:\\\/\\\/seanet.eu\\\/es\\\/#website\"},\"primaryImageOfPage\":{\"@id\":\"https:\\\/\\\/seanet.eu\\\/es\\\/news\\\/5o-aniversario-de-seanet-europa\\\/#primaryimage\"},\"image\":{\"@id\":\"https:\\\/\\\/seanet.eu\\\/es\\\/news\\\/5o-aniversario-de-seanet-europa\\\/#primaryimage\"},\"thumbnailUrl\":\"https:\\\/\\\/seanet.eu\\\/wp-content\\\/uploads\\\/2022\\\/04\\\/Oasis-40M-Hull001-03.jpg\",\"datePublished\":\"2021-09-16T12:46:40+00:00\",\"dateModified\":\"2024-10-24T13:16:54+00:00\",\"description\":\"5\u00ba ANIVERSARIO DE SEANET EUROPA. More yachting news on our website.\",\"breadcrumb\":{\"@id\":\"https:\\\/\\\/seanet.eu\\\/es\\\/news\\\/5o-aniversario-de-seanet-europa\\\/#breadcrumb\"},\"inLanguage\":\"es\",\"potentialAction\":[{\"@type\":\"ReadAction\",\"target\":[\"https:\\\/\\\/seanet.eu\\\/es\\\/news\\\/5o-aniversario-de-seanet-europa\\\/\"]}]},{\"@type\":\"ImageObject\",\"inLanguage\":\"es\",\"@id\":\"https:\\\/\\\/seanet.eu\\\/es\\\/news\\\/5o-aniversario-de-seanet-europa\\\/#primaryimage\",\"url\":\"https:\\\/\\\/seanet.eu\\\/wp-content\\\/uploads\\\/2022\\\/04\\\/Oasis-40M-Hull001-03.jpg\",\"contentUrl\":\"https:\\\/\\\/seanet.eu\\\/wp-content\\\/uploads\\\/2022\\\/04\\\/Oasis-40M-Hull001-03.jpg\",\"width\":1920,\"height\":1279},{\"@type\":\"BreadcrumbList\",\"@id\":\"https:\\\/\\\/seanet.eu\\\/es\\\/news\\\/5o-aniversario-de-seanet-europa\\\/#breadcrumb\",\"itemListElement\":[{\"@type\":\"ListItem\",\"position\":1,\"name\":\"Home\",\"item\":\"https:\\\/\\\/seanet.eu\\\/es\\\/\"},{\"@type\":\"ListItem\",\"position\":2,\"name\":\"5\u00ba ANIVERSARIO DE SEANET EUROPA\"}]},{\"@type\":\"WebSite\",\"@id\":\"https:\\\/\\\/seanet.eu\\\/es\\\/#website\",\"url\":\"https:\\\/\\\/seanet.eu\\\/es\\\/\",\"name\":\"SeaNet\",\"description\":\"Shared Yacht Ownership\",\"publisher\":{\"@id\":\"https:\\\/\\\/seanet.eu\\\/es\\\/#organization\"},\"potentialAction\":[{\"@type\":\"SearchAction\",\"target\":{\"@type\":\"EntryPoint\",\"urlTemplate\":\"https:\\\/\\\/seanet.eu\\\/es\\\/?s={search_term_string}\"},\"query-input\":{\"@type\":\"PropertyValueSpecification\",\"valueRequired\":true,\"valueName\":\"search_term_string\"}}],\"inLanguage\":\"es\"},{\"@type\":\"Organization\",\"@id\":\"https:\\\/\\\/seanet.eu\\\/es\\\/#organization\",\"name\":\"Seanet Europe\",\"url\":\"https:\\\/\\\/seanet.eu\\\/es\\\/\",\"logo\":{\"@type\":\"ImageObject\",\"inLanguage\":\"es\",\"@id\":\"https:\\\/\\\/seanet.eu\\\/es\\\/#\\\/schema\\\/logo\\\/image\\\/\",\"url\":\"https:\\\/\\\/seanet.eu\\\/wp-content\\\/uploads\\\/2022\\\/04\\\/logo-seanet.png\",\"contentUrl\":\"https:\\\/\\\/seanet.eu\\\/wp-content\\\/uploads\\\/2022\\\/04\\\/logo-seanet.png\",\"width\":156,\"height\":110,\"caption\":\"Seanet Europe\"},\"image\":{\"@id\":\"https:\\\/\\\/seanet.eu\\\/es\\\/#\\\/schema\\\/logo\\\/image\\\/\"}},{\"@type\":\"Person\",\"@id\":\"https:\\\/\\\/seanet.eu\\\/es\\\/#\\\/schema\\\/person\\\/89119106fbaee96d54909d4da348db9a\",\"name\":\"alena\",\"image\":{\"@type\":\"ImageObject\",\"inLanguage\":\"es\",\"@id\":\"https:\\\/\\\/secure.gravatar.com\\\/avatar\\\/f40842e087072cb2a2af9907cf72afd10ad955a60eea9bc71821deb8f75dab40?s=96&d=mm&r=g\",\"url\":\"https:\\\/\\\/secure.gravatar.com\\\/avatar\\\/f40842e087072cb2a2af9907cf72afd10ad955a60eea9bc71821deb8f75dab40?s=96&d=mm&r=g\",\"contentUrl\":\"https:\\\/\\\/secure.gravatar.com\\\/avatar\\\/f40842e087072cb2a2af9907cf72afd10ad955a60eea9bc71821deb8f75dab40?s=96&d=mm&r=g\",\"caption\":\"alena\"},\"sameAs\":[\"https:\\\/\\\/seanet.eu\"],\"url\":\"https:\\\/\\\/seanet.eu\\\/es\\\/news\\\/author\\\/alena\\\/\"}]}<\/script>\n<!-- \/ Yoast SEO plugin. -->","yoast_head_json":{"title":"5\u00ba ANIVERSARIO DE SEANET EUROPA | SeaNet","description":"5\u00ba ANIVERSARIO DE SEANET EUROPA. More yachting news on our website.","robots":{"index":"index","follow":"follow","max-snippet":"max-snippet:-1","max-image-preview":"max-image-preview:large","max-video-preview":"max-video-preview:-1"},"canonical":"https:\/\/seanet.eu\/es\/news\/5o-aniversario-de-seanet-europa\/","og_locale":"es_ES","og_type":"article","og_title":"5\u00ba ANIVERSARIO DE SEANET EUROPA | SeaNet","og_description":"5\u00ba ANIVERSARIO DE SEANET EUROPA. More yachting news on our website.","og_url":"https:\/\/seanet.eu\/es\/news\/5o-aniversario-de-seanet-europa\/","og_site_name":"SeaNet","article_published_time":"2021-09-16T12:46:40+00:00","article_modified_time":"2024-10-24T13:16:54+00:00","og_image":[{"width":1920,"height":1279,"url":"https:\/\/seanet.eu\/wp-content\/uploads\/2022\/04\/Oasis-40M-Hull001-03.jpg","type":"image\/jpeg"}],"author":"alena","twitter_card":"summary_large_image","twitter_misc":{"Escrito por":"alena","Tiempo de lectura":"1 minuto"},"schema":{"@context":"https:\/\/schema.org","@graph":[{"@type":"Article","@id":"https:\/\/seanet.eu\/es\/news\/5o-aniversario-de-seanet-europa\/#article","isPartOf":{"@id":"https:\/\/seanet.eu\/es\/news\/5o-aniversario-de-seanet-europa\/"},"author":{"name":"alena","@id":"https:\/\/seanet.eu\/es\/#\/schema\/person\/89119106fbaee96d54909d4da348db9a"},"headline":"5\u00ba ANIVERSARIO DE SEANET EUROPA","datePublished":"2021-09-16T12:46:40+00:00","dateModified":"2024-10-24T13:16:54+00:00","mainEntityOfPage":{"@id":"https:\/\/seanet.eu\/es\/news\/5o-aniversario-de-seanet-europa\/"},"wordCount":116,"publisher":{"@id":"https:\/\/seanet.eu\/es\/#organization"},"image":{"@id":"https:\/\/seanet.eu\/es\/news\/5o-aniversario-de-seanet-europa\/#primaryimage"},"thumbnailUrl":"https:\/\/seanet.eu\/wp-content\/uploads\/2022\/04\/Oasis-40M-Hull001-03.jpg","articleSection":["Sin categorizar"],"inLanguage":"es"},{"@type":"WebPage","@id":"https:\/\/seanet.eu\/es\/news\/5o-aniversario-de-seanet-europa\/","url":"https:\/\/seanet.eu\/es\/news\/5o-aniversario-de-seanet-europa\/","name":"5\u00ba ANIVERSARIO DE SEANET EUROPA | SeaNet","isPartOf":{"@id":"https:\/\/seanet.eu\/es\/#website"},"primaryImageOfPage":{"@id":"https:\/\/seanet.eu\/es\/news\/5o-aniversario-de-seanet-europa\/#primaryimage"},"image":{"@id":"https:\/\/seanet.eu\/es\/news\/5o-aniversario-de-seanet-europa\/#primaryimage"},"thumbnailUrl":"https:\/\/seanet.eu\/wp-content\/uploads\/2022\/04\/Oasis-40M-Hull001-03.jpg","datePublished":"2021-09-16T12:46:40+00:00","dateModified":"2024-10-24T13:16:54+00:00","description":"5\u00ba ANIVERSARIO DE SEANET EUROPA. More yachting news on our website.","breadcrumb":{"@id":"https:\/\/seanet.eu\/es\/news\/5o-aniversario-de-seanet-europa\/#breadcrumb"},"inLanguage":"es","potentialAction":[{"@type":"ReadAction","target":["https:\/\/seanet.eu\/es\/news\/5o-aniversario-de-seanet-europa\/"]}]},{"@type":"ImageObject","inLanguage":"es","@id":"https:\/\/seanet.eu\/es\/news\/5o-aniversario-de-seanet-europa\/#primaryimage","url":"https:\/\/seanet.eu\/wp-content\/uploads\/2022\/04\/Oasis-40M-Hull001-03.jpg","contentUrl":"https:\/\/seanet.eu\/wp-content\/uploads\/2022\/04\/Oasis-40M-Hull001-03.jpg","width":1920,"height":1279},{"@type":"BreadcrumbList","@id":"https:\/\/seanet.eu\/es\/news\/5o-aniversario-de-seanet-europa\/#breadcrumb","itemListElement":[{"@type":"ListItem","position":1,"name":"Home","item":"https:\/\/seanet.eu\/es\/"},{"@type":"ListItem","position":2,"name":"5\u00ba ANIVERSARIO DE SEANET EUROPA"}]},{"@type":"WebSite","@id":"https:\/\/seanet.eu\/es\/#website","url":"https:\/\/seanet.eu\/es\/","name":"SeaNet","description":"Shared Yacht Ownership","publisher":{"@id":"https:\/\/seanet.eu\/es\/#organization"},"potentialAction":[{"@type":"SearchAction","target":{"@type":"EntryPoint","urlTemplate":"https:\/\/seanet.eu\/es\/?s={search_term_string}"},"query-input":{"@type":"PropertyValueSpecification","valueRequired":true,"valueName":"search_term_string"}}],"inLanguage":"es"},{"@type":"Organization","@id":"https:\/\/seanet.eu\/es\/#organization","name":"Seanet Europe","url":"https:\/\/seanet.eu\/es\/","logo":{"@type":"ImageObject","inLanguage":"es","@id":"https:\/\/seanet.eu\/es\/#\/schema\/logo\/image\/","url":"https:\/\/seanet.eu\/wp-content\/uploads\/2022\/04\/logo-seanet.png","contentUrl":"https:\/\/seanet.eu\/wp-content\/uploads\/2022\/04\/logo-seanet.png","width":156,"height":110,"caption":"Seanet Europe"},"image":{"@id":"https:\/\/seanet.eu\/es\/#\/schema\/logo\/image\/"}},{"@type":"Person","@id":"https:\/\/seanet.eu\/es\/#\/schema\/person\/89119106fbaee96d54909d4da348db9a","name":"alena","image":{"@type":"ImageObject","inLanguage":"es","@id":"https:\/\/secure.gravatar.com\/avatar\/f40842e087072cb2a2af9907cf72afd10ad955a60eea9bc71821deb8f75dab40?s=96&d=mm&r=g","url":"https:\/\/secure.gravatar.com\/avatar\/f40842e087072cb2a2af9907cf72afd10ad955a60eea9bc71821deb8f75dab40?s=96&d=mm&r=g","contentUrl":"https:\/\/secure.gravatar.com\/avatar\/f40842e087072cb2a2af9907cf72afd10ad955a60eea9bc71821deb8f75dab40?s=96&d=mm&r=g","caption":"alena"},"sameAs":["https:\/\/seanet.eu"],"url":"https:\/\/seanet.eu\/es\/news\/author\/alena\/"}]}},"_links":{"self":[{"href":"https:\/\/seanet.eu\/es\/wp-json\/wp\/v2\/posts\/8419","targetHints":{"allow":["GET"]}}],"collection":[{"href":"https:\/\/seanet.eu\/es\/wp-json\/wp\/v2\/posts"}],"about":[{"href":"https:\/\/seanet.eu\/es\/wp-json\/wp\/v2\/types\/post"}],"author":[{"embeddable":true,"href":"https:\/\/seanet.eu\/es\/wp-json\/wp\/v2\/users\/1"}],"replies":[{"embeddable":true,"href":"https:\/\/seanet.eu\/es\/wp-json\/wp\/v2\/comments?post=8419"}],"version-history":[{"count":1,"href":"https:\/\/seanet.eu\/es\/wp-json\/wp\/v2\/posts\/8419\/revisions"}],"predecessor-version":[{"id":8420,"href":"https:\/\/seanet.eu\/es\/wp-json\/wp\/v2\/posts\/8419\/revisions\/8420"}],"wp:featuredmedia":[{"embeddable":true,"href":"https:\/\/seanet.eu\/es\/wp-json\/wp\/v2\/media\/6657"}],"wp:attachment":[{"href":"https:\/\/seanet.eu\/es\/wp-json\/wp\/v2\/media?parent=8419"}],"wp:term":[{"taxonomy":"category","embeddable":true,"href":"https:\/\/seanet.eu\/es\/wp-json\/wp\/v2\/categories?post=8419"},{"taxonomy":"post_tag","embeddable":true,"href":"https:\/\/seanet.eu\/es\/wp-json\/wp\/v2\/tags?post=8419"}],"curies":[{"name":"wp","href":"https:\/\/api.w.org\/{rel}","templated":true}]}}