{"id":11020,"date":"2023-04-06T15:28:45","date_gmt":"2023-04-06T14:28:45","guid":{"rendered":"https:\/\/seanet.eu\/news\/eingepackt-und-auf-dem-weg-zurueck-ins-mittelmeer\/"},"modified":"2025-12-10T10:23:22","modified_gmt":"2025-12-10T10:23:22","slug":"eingepackt-und-auf-dem-weg-zurueck-ins-mittelmeer","status":"publish","type":"post","link":"https:\/\/seanet.eu\/de\/news\/eingepackt-und-auf-dem-weg-zurueck-ins-mittelmeer\/","title":{"rendered":"Eingepackt und auf dem Weg zur\u00fcck ins Mittelmeer"},"content":{"rendered":"\t\t<div data-elementor-type=\"wp-post\" data-elementor-id=\"11020\" class=\"elementor elementor-11020 elementor-4454\" data-elementor-settings=\"{&quot;ha_cmc_init_switcher&quot;:&quot;no&quot;}\" data-elementor-post-type=\"post\">\n\t\t\t\t\t\t<section class=\"elementor-section elementor-top-section elementor-element elementor-element-5c7162f elementor-section-height-min-height elementor-section-boxed elementor-section-height-default elementor-section-items-middle\" data-id=\"5c7162f\" data-element_type=\"section\" data-settings=\"{&quot;_ha_eqh_enable&quot;:false}\">\n\t\t\t\t\t\t<div class=\"elementor-container elementor-column-gap-default\">\n\t\t\t\t\t<div class=\"elementor-column elementor-col-50 elementor-top-column elementor-element elementor-element-3d44fa8\" data-id=\"3d44fa8\" data-element_type=\"column\">\n\t\t\t<div class=\"elementor-widget-wrap elementor-element-populated\">\n\t\t\t\t\t\t<div class=\"elementor-element elementor-element-573b17d elementor-widget elementor-widget-heading\" data-id=\"573b17d\" data-element_type=\"widget\" data-widget_type=\"heading.default\">\n\t\t\t\t<div class=\"elementor-widget-container\">\n\t\t\t\t\t<h2 class=\"elementor-heading-title elementor-size-default\">UNSERE FLOTTE ist auf dem Weg zur\u00fcck ins Mittelmeer<\/h2>\t\t\t\t<\/div>\n\t\t\t\t<\/div>\n\t\t\t\t<div class=\"elementor-element elementor-element-4127b85 elementor-widget elementor-widget-text-editor\" data-id=\"4127b85\" data-element_type=\"widget\" data-widget_type=\"text-editor.default\">\n\t\t\t\t<div class=\"elementor-widget-container\">\n\t\t\t\t\t\t\t\t\t<p style=\"text-align: left\">Die von SeaNet verwalteten Yachten sind auf dem R\u00fcckweg von den Bahamas ins Mittelmeer. Nachdem sie von einem Expertenteam in Florida <strong>sorgf\u00e4ltig verpackt<\/strong> <strong>und gesch\u00fctzt<\/strong> wurden, wurden die Yachten auf eine Ladung verladen und sind auf dem Weg zur\u00fcck ins Mittelmeer. <\/p><p style=\"text-align: left\">Die Eigner genossen w\u00e4hrend der Wintersaison das beste Yachtleben auf den Bahamas und die Yachten werden auf die Sommersaison im Mittelmeer vorbereitet.  <\/p><p style=\"text-align: left\"><em>Z\u00f6gern Sie nicht, sich mit uns in Verbindung zu setzen, um mehr \u00fcber unsere Miteigentumsm\u00f6glichkeiten und unser Doppel-Saison-Programm zu erfahren.  <\/em><\/p><p style=\"text-align: left\"> <\/p>\t\t\t\t\t\t\t\t<\/div>\n\t\t\t\t<\/div>\n\t\t\t\t\t<\/div>\n\t\t<\/div>\n\t\t\t\t<div class=\"elementor-column elementor-col-50 elementor-top-column elementor-element elementor-element-9550d6c\" data-id=\"9550d6c\" data-element_type=\"column\">\n\t\t\t<div class=\"elementor-widget-wrap elementor-element-populated\">\n\t\t\t\t\t\t<div class=\"elementor-element elementor-element-92064d4 elementor-widget elementor-widget-gallery\" data-id=\"92064d4\" data-element_type=\"widget\" data-settings=\"{&quot;columns&quot;:2,&quot;lazyload&quot;:&quot;yes&quot;,&quot;gallery_layout&quot;:&quot;grid&quot;,&quot;columns_tablet&quot;:2,&quot;columns_mobile&quot;:1,&quot;gap&quot;:{&quot;unit&quot;:&quot;px&quot;,&quot;size&quot;:10,&quot;sizes&quot;:[]},&quot;gap_tablet&quot;:{&quot;unit&quot;:&quot;px&quot;,&quot;size&quot;:10,&quot;sizes&quot;:[]},&quot;gap_mobile&quot;:{&quot;unit&quot;:&quot;px&quot;,&quot;size&quot;:10,&quot;sizes&quot;:[]},&quot;link_to&quot;:&quot;file&quot;,&quot;aspect_ratio&quot;:&quot;3:2&quot;,&quot;overlay_background&quot;:&quot;yes&quot;,&quot;content_hover_animation&quot;:&quot;fade-in&quot;}\" data-widget_type=\"gallery.default\">\n\t\t\t\t<div class=\"elementor-widget-container\">\n\t\t\t\t\t\t\t<div class=\"elementor-gallery__container\">\n\t\t\t\t\t\t\t<a class=\"e-gallery-item elementor-gallery-item elementor-animated-content\" href=\"https:\/\/seanet.eu\/wp-content\/uploads\/2023\/04\/SeaNet-returning-to-the-med-5-1.jpg\" data-elementor-open-lightbox=\"yes\" data-elementor-lightbox-slideshow=\"92064d4\" data-e-action-hash=\"#elementor-action%3Aaction%3Dlightbox%26settings%3DeyJpZCI6MTEwMzAsInVybCI6Imh0dHBzOlwvXC9zZWFuZXQuZXVcL3dwLWNvbnRlbnRcL3VwbG9hZHNcLzIwMjNcLzA0XC9TZWFOZXQtcmV0dXJuaW5nLXRvLXRoZS1tZWQtNS0xLmpwZyIsInNsaWRlc2hvdyI6IjkyMDY0ZDQifQ%3D%3D\">\n\t\t\t\t\t<div class=\"e-gallery-image elementor-gallery-item__image\" data-thumbnail=\"https:\/\/seanet.eu\/wp-content\/uploads\/2023\/04\/SeaNet-returning-to-the-med-5-1-1024x682.jpg\" data-width=\"800\" data-height=\"533\" aria-label=\"\" role=\"img\" ><\/div>\n\t\t\t\t\t\t\t\t\t\t\t<div class=\"elementor-gallery-item__overlay\"><\/div>\n\t\t\t\t\t\t\t\t\t\t\t\t\t\t<\/a>\n\t\t\t\t\t\t\t<a class=\"e-gallery-item elementor-gallery-item elementor-animated-content\" href=\"https:\/\/seanet.eu\/wp-content\/uploads\/2023\/04\/SeaNet-returning-to-the-med-4-1.jpg\" data-elementor-open-lightbox=\"yes\" data-elementor-lightbox-slideshow=\"92064d4\" data-e-action-hash=\"#elementor-action%3Aaction%3Dlightbox%26settings%3DeyJpZCI6MTEwMjksInVybCI6Imh0dHBzOlwvXC9zZWFuZXQuZXVcL3dwLWNvbnRlbnRcL3VwbG9hZHNcLzIwMjNcLzA0XC9TZWFOZXQtcmV0dXJuaW5nLXRvLXRoZS1tZWQtNC0xLmpwZyIsInNsaWRlc2hvdyI6IjkyMDY0ZDQifQ%3D%3D\">\n\t\t\t\t\t<div class=\"e-gallery-image elementor-gallery-item__image\" data-thumbnail=\"https:\/\/seanet.eu\/wp-content\/uploads\/2023\/04\/SeaNet-returning-to-the-med-4-1-1024x682.jpg\" data-width=\"800\" data-height=\"533\" aria-label=\"\" role=\"img\" ><\/div>\n\t\t\t\t\t\t\t\t\t\t\t<div class=\"elementor-gallery-item__overlay\"><\/div>\n\t\t\t\t\t\t\t\t\t\t\t\t\t\t<\/a>\n\t\t\t\t\t\t\t<a class=\"e-gallery-item elementor-gallery-item elementor-animated-content\" href=\"https:\/\/seanet.eu\/wp-content\/uploads\/2023\/04\/SeaNet-returning-to-the-med-3-1.jpg\" data-elementor-open-lightbox=\"yes\" data-elementor-lightbox-slideshow=\"92064d4\" data-e-action-hash=\"#elementor-action%3Aaction%3Dlightbox%26settings%3DeyJpZCI6MTEwMjgsInVybCI6Imh0dHBzOlwvXC9zZWFuZXQuZXVcL3dwLWNvbnRlbnRcL3VwbG9hZHNcLzIwMjNcLzA0XC9TZWFOZXQtcmV0dXJuaW5nLXRvLXRoZS1tZWQtMy0xLmpwZyIsInNsaWRlc2hvdyI6IjkyMDY0ZDQifQ%3D%3D\">\n\t\t\t\t\t<div class=\"e-gallery-image elementor-gallery-item__image\" data-thumbnail=\"https:\/\/seanet.eu\/wp-content\/uploads\/2023\/04\/SeaNet-returning-to-the-med-3-1-1024x682.jpg\" data-width=\"800\" data-height=\"533\" aria-label=\"\" role=\"img\" ><\/div>\n\t\t\t\t\t\t\t\t\t\t\t<div class=\"elementor-gallery-item__overlay\"><\/div>\n\t\t\t\t\t\t\t\t\t\t\t\t\t\t<\/a>\n\t\t\t\t\t\t\t<a class=\"e-gallery-item elementor-gallery-item elementor-animated-content\" href=\"https:\/\/seanet.eu\/wp-content\/uploads\/2023\/04\/SeaNet-returning-to-the-med-2-1.jpg\" data-elementor-open-lightbox=\"yes\" data-elementor-lightbox-slideshow=\"92064d4\" data-e-action-hash=\"#elementor-action%3Aaction%3Dlightbox%26settings%3DeyJpZCI6MTEwMjcsInVybCI6Imh0dHBzOlwvXC9zZWFuZXQuZXVcL3dwLWNvbnRlbnRcL3VwbG9hZHNcLzIwMjNcLzA0XC9TZWFOZXQtcmV0dXJuaW5nLXRvLXRoZS1tZWQtMi0xLmpwZyIsInNsaWRlc2hvdyI6IjkyMDY0ZDQifQ%3D%3D\">\n\t\t\t\t\t<div class=\"e-gallery-image elementor-gallery-item__image\" data-thumbnail=\"https:\/\/seanet.eu\/wp-content\/uploads\/2023\/04\/SeaNet-returning-to-the-med-2-1-1024x682.jpg\" data-width=\"800\" data-height=\"533\" aria-label=\"\" role=\"img\" ><\/div>\n\t\t\t\t\t\t\t\t\t\t\t<div class=\"elementor-gallery-item__overlay\"><\/div>\n\t\t\t\t\t\t\t\t\t\t\t\t\t\t<\/a>\n\t\t\t\t\t<\/div>\n\t\t\t\t\t<\/div>\n\t\t\t\t<\/div>\n\t\t\t\t\t<\/div>\n\t\t<\/div>\n\t\t\t\t\t<\/div>\n\t\t<\/section>\n\t\t\t\t<\/div>\n\t\t","protected":false},"excerpt":{"rendered":"<p>W\u00e4hrend der Transatlantik\u00fcberquerung sorgen wir daf\u00fcr, dass alle Yachten, die unter dem Management von SeaNet stehen, durch eine hochwertige Schrumpfverpackung einen optimalen Schutz erhalten.<\/p>\n","protected":false},"author":1,"featured_media":11024,"comment_status":"closed","ping_status":"closed","sticky":false,"template":"","format":"standard","meta":{"_acf_changed":false,"inline_featured_image":false,"footnotes":""},"categories":[109],"tags":[],"class_list":["post-11020","post","type-post","status-publish","format-standard","has-post-thumbnail","hentry","category-nicht-kategorisiert"],"acf":[],"yoast_head":"<!-- This site is optimized with the Yoast SEO plugin v27.5 - https:\/\/yoast.com\/product\/yoast-seo-wordpress\/ -->\n<title>Eingepackt und auf dem Weg zur\u00fcck ins Mittelmeer | SeaNet<\/title>\n<meta name=\"description\" content=\"Eingepackt und auf dem Weg zur\u00fcck ins Mittelmeer. More yachting news on our website.\" \/>\n<meta name=\"robots\" content=\"index, follow, max-snippet:-1, max-image-preview:large, max-video-preview:-1\" \/>\n<link rel=\"canonical\" href=\"https:\/\/seanet.eu\/de\/news\/eingepackt-und-auf-dem-weg-zurueck-ins-mittelmeer\/\" \/>\n<meta property=\"og:locale\" content=\"de_DE\" \/>\n<meta property=\"og:type\" content=\"article\" \/>\n<meta property=\"og:title\" content=\"Eingepackt und auf dem Weg zur\u00fcck ins Mittelmeer | SeaNet\" \/>\n<meta property=\"og:description\" content=\"Eingepackt und auf dem Weg zur\u00fcck ins Mittelmeer. More yachting news on our website.\" \/>\n<meta property=\"og:url\" content=\"https:\/\/seanet.eu\/de\/news\/eingepackt-und-auf-dem-weg-zurueck-ins-mittelmeer\/\" \/>\n<meta property=\"og:site_name\" content=\"SeaNet\" \/>\n<meta property=\"article:published_time\" content=\"2023-04-06T14:28:45+00:00\" \/>\n<meta property=\"article:modified_time\" content=\"2025-12-10T10:23:22+00:00\" \/>\n<meta property=\"og:image\" content=\"https:\/\/seanet.eu\/wp-content\/uploads\/2023\/04\/SeaNet-returning-to-the-med-4.jpg\" \/>\n\t<meta property=\"og:image:width\" content=\"2000\" \/>\n\t<meta property=\"og:image:height\" content=\"1333\" \/>\n\t<meta property=\"og:image:type\" content=\"image\/jpeg\" \/>\n<meta name=\"author\" content=\"alena\" \/>\n<meta name=\"twitter:card\" content=\"summary_large_image\" \/>\n<meta name=\"twitter:label1\" content=\"Verfasst von\" \/>\n\t<meta name=\"twitter:data1\" content=\"alena\" \/>\n\t<meta name=\"twitter:label2\" content=\"Gesch\u00e4tzte Lesezeit\" \/>\n\t<meta name=\"twitter:data2\" content=\"1\u00a0Minute\" \/>\n<script type=\"application\/ld+json\" class=\"yoast-schema-graph\">{\"@context\":\"https:\\\/\\\/schema.org\",\"@graph\":[{\"@type\":\"Article\",\"@id\":\"https:\\\/\\\/seanet.eu\\\/de\\\/news\\\/eingepackt-und-auf-dem-weg-zurueck-ins-mittelmeer\\\/#article\",\"isPartOf\":{\"@id\":\"https:\\\/\\\/seanet.eu\\\/de\\\/news\\\/eingepackt-und-auf-dem-weg-zurueck-ins-mittelmeer\\\/\"},\"author\":{\"name\":\"alena\",\"@id\":\"https:\\\/\\\/seanet.eu\\\/de\\\/#\\\/schema\\\/person\\\/89119106fbaee96d54909d4da348db9a\"},\"headline\":\"Eingepackt und auf dem Weg zur\u00fcck ins Mittelmeer\",\"datePublished\":\"2023-04-06T14:28:45+00:00\",\"dateModified\":\"2025-12-10T10:23:22+00:00\",\"mainEntityOfPage\":{\"@id\":\"https:\\\/\\\/seanet.eu\\\/de\\\/news\\\/eingepackt-und-auf-dem-weg-zurueck-ins-mittelmeer\\\/\"},\"wordCount\":109,\"publisher\":{\"@id\":\"https:\\\/\\\/seanet.eu\\\/de\\\/#organization\"},\"image\":{\"@id\":\"https:\\\/\\\/seanet.eu\\\/de\\\/news\\\/eingepackt-und-auf-dem-weg-zurueck-ins-mittelmeer\\\/#primaryimage\"},\"thumbnailUrl\":\"https:\\\/\\\/seanet.eu\\\/wp-content\\\/uploads\\\/2023\\\/04\\\/SeaNet-returning-to-the-med-4.jpg\",\"articleSection\":[\"Nicht kategorisiert\"],\"inLanguage\":\"de\"},{\"@type\":\"WebPage\",\"@id\":\"https:\\\/\\\/seanet.eu\\\/de\\\/news\\\/eingepackt-und-auf-dem-weg-zurueck-ins-mittelmeer\\\/\",\"url\":\"https:\\\/\\\/seanet.eu\\\/de\\\/news\\\/eingepackt-und-auf-dem-weg-zurueck-ins-mittelmeer\\\/\",\"name\":\"Eingepackt und auf dem Weg zur\u00fcck ins Mittelmeer | SeaNet\",\"isPartOf\":{\"@id\":\"https:\\\/\\\/seanet.eu\\\/de\\\/#website\"},\"primaryImageOfPage\":{\"@id\":\"https:\\\/\\\/seanet.eu\\\/de\\\/news\\\/eingepackt-und-auf-dem-weg-zurueck-ins-mittelmeer\\\/#primaryimage\"},\"image\":{\"@id\":\"https:\\\/\\\/seanet.eu\\\/de\\\/news\\\/eingepackt-und-auf-dem-weg-zurueck-ins-mittelmeer\\\/#primaryimage\"},\"thumbnailUrl\":\"https:\\\/\\\/seanet.eu\\\/wp-content\\\/uploads\\\/2023\\\/04\\\/SeaNet-returning-to-the-med-4.jpg\",\"datePublished\":\"2023-04-06T14:28:45+00:00\",\"dateModified\":\"2025-12-10T10:23:22+00:00\",\"description\":\"Eingepackt und auf dem Weg zur\u00fcck ins Mittelmeer. More yachting news on our website.\",\"breadcrumb\":{\"@id\":\"https:\\\/\\\/seanet.eu\\\/de\\\/news\\\/eingepackt-und-auf-dem-weg-zurueck-ins-mittelmeer\\\/#breadcrumb\"},\"inLanguage\":\"de\",\"potentialAction\":[{\"@type\":\"ReadAction\",\"target\":[\"https:\\\/\\\/seanet.eu\\\/de\\\/news\\\/eingepackt-und-auf-dem-weg-zurueck-ins-mittelmeer\\\/\"]}]},{\"@type\":\"ImageObject\",\"inLanguage\":\"de\",\"@id\":\"https:\\\/\\\/seanet.eu\\\/de\\\/news\\\/eingepackt-und-auf-dem-weg-zurueck-ins-mittelmeer\\\/#primaryimage\",\"url\":\"https:\\\/\\\/seanet.eu\\\/wp-content\\\/uploads\\\/2023\\\/04\\\/SeaNet-returning-to-the-med-4.jpg\",\"contentUrl\":\"https:\\\/\\\/seanet.eu\\\/wp-content\\\/uploads\\\/2023\\\/04\\\/SeaNet-returning-to-the-med-4.jpg\",\"width\":2000,\"height\":1333},{\"@type\":\"BreadcrumbList\",\"@id\":\"https:\\\/\\\/seanet.eu\\\/de\\\/news\\\/eingepackt-und-auf-dem-weg-zurueck-ins-mittelmeer\\\/#breadcrumb\",\"itemListElement\":[{\"@type\":\"ListItem\",\"position\":1,\"name\":\"Home\",\"item\":\"https:\\\/\\\/seanet.eu\\\/de\\\/\"},{\"@type\":\"ListItem\",\"position\":2,\"name\":\"Eingepackt und auf dem Weg zur\u00fcck ins Mittelmeer\"}]},{\"@type\":\"WebSite\",\"@id\":\"https:\\\/\\\/seanet.eu\\\/de\\\/#website\",\"url\":\"https:\\\/\\\/seanet.eu\\\/de\\\/\",\"name\":\"SeaNet\",\"description\":\"Shared Yacht Ownership\",\"publisher\":{\"@id\":\"https:\\\/\\\/seanet.eu\\\/de\\\/#organization\"},\"potentialAction\":[{\"@type\":\"SearchAction\",\"target\":{\"@type\":\"EntryPoint\",\"urlTemplate\":\"https:\\\/\\\/seanet.eu\\\/de\\\/?s={search_term_string}\"},\"query-input\":{\"@type\":\"PropertyValueSpecification\",\"valueRequired\":true,\"valueName\":\"search_term_string\"}}],\"inLanguage\":\"de\"},{\"@type\":\"Organization\",\"@id\":\"https:\\\/\\\/seanet.eu\\\/de\\\/#organization\",\"name\":\"Seanet Europe\",\"url\":\"https:\\\/\\\/seanet.eu\\\/de\\\/\",\"logo\":{\"@type\":\"ImageObject\",\"inLanguage\":\"de\",\"@id\":\"https:\\\/\\\/seanet.eu\\\/de\\\/#\\\/schema\\\/logo\\\/image\\\/\",\"url\":\"https:\\\/\\\/seanet.eu\\\/wp-content\\\/uploads\\\/2022\\\/04\\\/logo-seanet.png\",\"contentUrl\":\"https:\\\/\\\/seanet.eu\\\/wp-content\\\/uploads\\\/2022\\\/04\\\/logo-seanet.png\",\"width\":156,\"height\":110,\"caption\":\"Seanet Europe\"},\"image\":{\"@id\":\"https:\\\/\\\/seanet.eu\\\/de\\\/#\\\/schema\\\/logo\\\/image\\\/\"}},{\"@type\":\"Person\",\"@id\":\"https:\\\/\\\/seanet.eu\\\/de\\\/#\\\/schema\\\/person\\\/89119106fbaee96d54909d4da348db9a\",\"name\":\"alena\",\"image\":{\"@type\":\"ImageObject\",\"inLanguage\":\"de\",\"@id\":\"https:\\\/\\\/secure.gravatar.com\\\/avatar\\\/f40842e087072cb2a2af9907cf72afd10ad955a60eea9bc71821deb8f75dab40?s=96&d=mm&r=g\",\"url\":\"https:\\\/\\\/secure.gravatar.com\\\/avatar\\\/f40842e087072cb2a2af9907cf72afd10ad955a60eea9bc71821deb8f75dab40?s=96&d=mm&r=g\",\"contentUrl\":\"https:\\\/\\\/secure.gravatar.com\\\/avatar\\\/f40842e087072cb2a2af9907cf72afd10ad955a60eea9bc71821deb8f75dab40?s=96&d=mm&r=g\",\"caption\":\"alena\"},\"sameAs\":[\"https:\\\/\\\/seanet.eu\"],\"url\":\"https:\\\/\\\/seanet.eu\\\/de\\\/news\\\/author\\\/alena\\\/\"}]}<\/script>\n<!-- \/ Yoast SEO plugin. -->","yoast_head_json":{"title":"Eingepackt und auf dem Weg zur\u00fcck ins Mittelmeer | SeaNet","description":"Eingepackt und auf dem Weg zur\u00fcck ins Mittelmeer. More yachting news on our website.","robots":{"index":"index","follow":"follow","max-snippet":"max-snippet:-1","max-image-preview":"max-image-preview:large","max-video-preview":"max-video-preview:-1"},"canonical":"https:\/\/seanet.eu\/de\/news\/eingepackt-und-auf-dem-weg-zurueck-ins-mittelmeer\/","og_locale":"de_DE","og_type":"article","og_title":"Eingepackt und auf dem Weg zur\u00fcck ins Mittelmeer | SeaNet","og_description":"Eingepackt und auf dem Weg zur\u00fcck ins Mittelmeer. More yachting news on our website.","og_url":"https:\/\/seanet.eu\/de\/news\/eingepackt-und-auf-dem-weg-zurueck-ins-mittelmeer\/","og_site_name":"SeaNet","article_published_time":"2023-04-06T14:28:45+00:00","article_modified_time":"2025-12-10T10:23:22+00:00","og_image":[{"width":2000,"height":1333,"url":"https:\/\/seanet.eu\/wp-content\/uploads\/2023\/04\/SeaNet-returning-to-the-med-4.jpg","type":"image\/jpeg"}],"author":"alena","twitter_card":"summary_large_image","twitter_misc":{"Verfasst von":"alena","Gesch\u00e4tzte Lesezeit":"1\u00a0Minute"},"schema":{"@context":"https:\/\/schema.org","@graph":[{"@type":"Article","@id":"https:\/\/seanet.eu\/de\/news\/eingepackt-und-auf-dem-weg-zurueck-ins-mittelmeer\/#article","isPartOf":{"@id":"https:\/\/seanet.eu\/de\/news\/eingepackt-und-auf-dem-weg-zurueck-ins-mittelmeer\/"},"author":{"name":"alena","@id":"https:\/\/seanet.eu\/de\/#\/schema\/person\/89119106fbaee96d54909d4da348db9a"},"headline":"Eingepackt und auf dem Weg zur\u00fcck ins Mittelmeer","datePublished":"2023-04-06T14:28:45+00:00","dateModified":"2025-12-10T10:23:22+00:00","mainEntityOfPage":{"@id":"https:\/\/seanet.eu\/de\/news\/eingepackt-und-auf-dem-weg-zurueck-ins-mittelmeer\/"},"wordCount":109,"publisher":{"@id":"https:\/\/seanet.eu\/de\/#organization"},"image":{"@id":"https:\/\/seanet.eu\/de\/news\/eingepackt-und-auf-dem-weg-zurueck-ins-mittelmeer\/#primaryimage"},"thumbnailUrl":"https:\/\/seanet.eu\/wp-content\/uploads\/2023\/04\/SeaNet-returning-to-the-med-4.jpg","articleSection":["Nicht kategorisiert"],"inLanguage":"de"},{"@type":"WebPage","@id":"https:\/\/seanet.eu\/de\/news\/eingepackt-und-auf-dem-weg-zurueck-ins-mittelmeer\/","url":"https:\/\/seanet.eu\/de\/news\/eingepackt-und-auf-dem-weg-zurueck-ins-mittelmeer\/","name":"Eingepackt und auf dem Weg zur\u00fcck ins Mittelmeer | SeaNet","isPartOf":{"@id":"https:\/\/seanet.eu\/de\/#website"},"primaryImageOfPage":{"@id":"https:\/\/seanet.eu\/de\/news\/eingepackt-und-auf-dem-weg-zurueck-ins-mittelmeer\/#primaryimage"},"image":{"@id":"https:\/\/seanet.eu\/de\/news\/eingepackt-und-auf-dem-weg-zurueck-ins-mittelmeer\/#primaryimage"},"thumbnailUrl":"https:\/\/seanet.eu\/wp-content\/uploads\/2023\/04\/SeaNet-returning-to-the-med-4.jpg","datePublished":"2023-04-06T14:28:45+00:00","dateModified":"2025-12-10T10:23:22+00:00","description":"Eingepackt und auf dem Weg zur\u00fcck ins Mittelmeer. More yachting news on our website.","breadcrumb":{"@id":"https:\/\/seanet.eu\/de\/news\/eingepackt-und-auf-dem-weg-zurueck-ins-mittelmeer\/#breadcrumb"},"inLanguage":"de","potentialAction":[{"@type":"ReadAction","target":["https:\/\/seanet.eu\/de\/news\/eingepackt-und-auf-dem-weg-zurueck-ins-mittelmeer\/"]}]},{"@type":"ImageObject","inLanguage":"de","@id":"https:\/\/seanet.eu\/de\/news\/eingepackt-und-auf-dem-weg-zurueck-ins-mittelmeer\/#primaryimage","url":"https:\/\/seanet.eu\/wp-content\/uploads\/2023\/04\/SeaNet-returning-to-the-med-4.jpg","contentUrl":"https:\/\/seanet.eu\/wp-content\/uploads\/2023\/04\/SeaNet-returning-to-the-med-4.jpg","width":2000,"height":1333},{"@type":"BreadcrumbList","@id":"https:\/\/seanet.eu\/de\/news\/eingepackt-und-auf-dem-weg-zurueck-ins-mittelmeer\/#breadcrumb","itemListElement":[{"@type":"ListItem","position":1,"name":"Home","item":"https:\/\/seanet.eu\/de\/"},{"@type":"ListItem","position":2,"name":"Eingepackt und auf dem Weg zur\u00fcck ins Mittelmeer"}]},{"@type":"WebSite","@id":"https:\/\/seanet.eu\/de\/#website","url":"https:\/\/seanet.eu\/de\/","name":"SeaNet","description":"Shared Yacht Ownership","publisher":{"@id":"https:\/\/seanet.eu\/de\/#organization"},"potentialAction":[{"@type":"SearchAction","target":{"@type":"EntryPoint","urlTemplate":"https:\/\/seanet.eu\/de\/?s={search_term_string}"},"query-input":{"@type":"PropertyValueSpecification","valueRequired":true,"valueName":"search_term_string"}}],"inLanguage":"de"},{"@type":"Organization","@id":"https:\/\/seanet.eu\/de\/#organization","name":"Seanet Europe","url":"https:\/\/seanet.eu\/de\/","logo":{"@type":"ImageObject","inLanguage":"de","@id":"https:\/\/seanet.eu\/de\/#\/schema\/logo\/image\/","url":"https:\/\/seanet.eu\/wp-content\/uploads\/2022\/04\/logo-seanet.png","contentUrl":"https:\/\/seanet.eu\/wp-content\/uploads\/2022\/04\/logo-seanet.png","width":156,"height":110,"caption":"Seanet Europe"},"image":{"@id":"https:\/\/seanet.eu\/de\/#\/schema\/logo\/image\/"}},{"@type":"Person","@id":"https:\/\/seanet.eu\/de\/#\/schema\/person\/89119106fbaee96d54909d4da348db9a","name":"alena","image":{"@type":"ImageObject","inLanguage":"de","@id":"https:\/\/secure.gravatar.com\/avatar\/f40842e087072cb2a2af9907cf72afd10ad955a60eea9bc71821deb8f75dab40?s=96&d=mm&r=g","url":"https:\/\/secure.gravatar.com\/avatar\/f40842e087072cb2a2af9907cf72afd10ad955a60eea9bc71821deb8f75dab40?s=96&d=mm&r=g","contentUrl":"https:\/\/secure.gravatar.com\/avatar\/f40842e087072cb2a2af9907cf72afd10ad955a60eea9bc71821deb8f75dab40?s=96&d=mm&r=g","caption":"alena"},"sameAs":["https:\/\/seanet.eu"],"url":"https:\/\/seanet.eu\/de\/news\/author\/alena\/"}]}},"_links":{"self":[{"href":"https:\/\/seanet.eu\/de\/wp-json\/wp\/v2\/posts\/11020","targetHints":{"allow":["GET"]}}],"collection":[{"href":"https:\/\/seanet.eu\/de\/wp-json\/wp\/v2\/posts"}],"about":[{"href":"https:\/\/seanet.eu\/de\/wp-json\/wp\/v2\/types\/post"}],"author":[{"embeddable":true,"href":"https:\/\/seanet.eu\/de\/wp-json\/wp\/v2\/users\/1"}],"replies":[{"embeddable":true,"href":"https:\/\/seanet.eu\/de\/wp-json\/wp\/v2\/comments?post=11020"}],"version-history":[{"count":1,"href":"https:\/\/seanet.eu\/de\/wp-json\/wp\/v2\/posts\/11020\/revisions"}],"predecessor-version":[{"id":11032,"href":"https:\/\/seanet.eu\/de\/wp-json\/wp\/v2\/posts\/11020\/revisions\/11032"}],"wp:featuredmedia":[{"embeddable":true,"href":"https:\/\/seanet.eu\/de\/wp-json\/wp\/v2\/media\/11024"}],"wp:attachment":[{"href":"https:\/\/seanet.eu\/de\/wp-json\/wp\/v2\/media?parent=11020"}],"wp:term":[{"taxonomy":"category","embeddable":true,"href":"https:\/\/seanet.eu\/de\/wp-json\/wp\/v2\/categories?post=11020"},{"taxonomy":"post_tag","embeddable":true,"href":"https:\/\/seanet.eu\/de\/wp-json\/wp\/v2\/tags?post=11020"}],"curies":[{"name":"wp","href":"https:\/\/api.w.org\/{rel}","templated":true}]}}