{"id":10995,"date":"2020-09-12T13:30:35","date_gmt":"2020-09-12T12:30:35","guid":{"rendered":"https:\/\/seanet.eu\/news\/seanet-verkauft-22-der-116-benetti-mediterraneo\/"},"modified":"2025-12-10T10:23:19","modified_gmt":"2025-12-10T10:23:19","slug":"seanet-verkauft-22-der-116-benetti-mediterraneo","status":"publish","type":"post","link":"https:\/\/seanet.eu\/de\/news\/seanet-verkauft-22-der-116-benetti-mediterraneo\/","title":{"rendered":"SEANET VERKAUFT 22% DER 116&#8242; BENETTI MEDITERRANEO"},"content":{"rendered":"\t\t<div data-elementor-type=\"wp-post\" data-elementor-id=\"10995\" class=\"elementor elementor-10995 elementor-1637\" data-elementor-settings=\"{&quot;ha_cmc_init_switcher&quot;:&quot;no&quot;}\" data-elementor-post-type=\"post\">\n\t\t\t\t\t\t<section class=\"elementor-section elementor-top-section elementor-element elementor-element-123320f elementor-section-height-min-height elementor-section-boxed elementor-section-height-default elementor-section-items-middle\" data-id=\"123320f\" data-element_type=\"section\" data-settings=\"{&quot;background_background&quot;:&quot;classic&quot;,&quot;_ha_eqh_enable&quot;:false}\">\n\t\t\t\t\t\t<div class=\"elementor-container elementor-column-gap-default\">\n\t\t\t\t\t<div class=\"elementor-column elementor-col-33 elementor-top-column elementor-element elementor-element-087fc9a\" data-id=\"087fc9a\" data-element_type=\"column\">\n\t\t\t<div class=\"elementor-widget-wrap\">\n\t\t\t\t\t\t\t<\/div>\n\t\t<\/div>\n\t\t\t\t<div class=\"elementor-column elementor-col-33 elementor-top-column elementor-element elementor-element-1a398a0\" data-id=\"1a398a0\" data-element_type=\"column\">\n\t\t\t<div class=\"elementor-widget-wrap elementor-element-populated\">\n\t\t\t\t\t\t<div class=\"elementor-element elementor-element-f12e69c elementor-widget elementor-widget-heading\" data-id=\"f12e69c\" data-element_type=\"widget\" data-widget_type=\"heading.default\">\n\t\t\t\t<div class=\"elementor-widget-container\">\n\t\t\t\t\t<h2 class=\"elementor-heading-title elementor-size-default\">Benetti Mediterraneo 116<\/h2>\t\t\t\t<\/div>\n\t\t\t\t<\/div>\n\t\t\t\t<div class=\"elementor-element elementor-element-e6150a1 elementor-widget elementor-widget-text-editor\" data-id=\"e6150a1\" data-element_type=\"widget\" data-widget_type=\"text-editor.default\">\n\t\t\t\t<div class=\"elementor-widget-container\">\n\t\t\t\t\t\t\t\t\t<p>Die 2018 Benetti Mediterraneo 116 ist eine gro\u00dfartige 35-Meter-Yacht mit drei Decks, die die klassischen \u00e4u\u00dferen Benetti-Linien von Giorgio M Casetta mit der Leichtigkeit der Innenausstattung von RADYCA kombiniert, die das elegante und sorgf\u00e4ltig geplante Layout umarmt. Die Yacht bietet Platz f\u00fcr bis zu 10 G\u00e4ste in f\u00fcnf Kabinen, von denen eine die beeindruckende Eignersuite ist, und verf\u00fcgt \u00fcber ein 80 Quadratmeter gro\u00dfes Sonnendeck sowie ein lichtdurchflutetes Interieur, das das Leben im Freien einschlie\u00dft. Wie alle SeaNet-Yachten verf\u00fcgt UNY \u00fcber eine siebenk\u00f6pfige Crew (zwei Crews mit je sieben Personen), die den tadellosen SeaNet-Service erf\u00fcllt, und wird mit einem gro\u00dfen Daycruiser ausgeliefert, einem brandneuen, voll ausgestatteten und mehrwertsteuerpflichtigen 11,5 Meter langen Axopar 37 ST. Alle SeaNet-Yachten profitieren von einem erstklassigen Concierge und SeaNets umfassendem Management-Service, der die Benetti Mediterraneo 116 zu einem perfekten, stressfreien Yachteigentumserlebnis macht.    <\/p>\t\t\t\t\t\t\t\t<\/div>\n\t\t\t\t<\/div>\n\t\t\t\t\t<\/div>\n\t\t<\/div>\n\t\t\t\t<div class=\"elementor-column elementor-col-33 elementor-top-column elementor-element elementor-element-842216c\" data-id=\"842216c\" data-element_type=\"column\">\n\t\t\t<div class=\"elementor-widget-wrap\">\n\t\t\t\t\t\t\t<\/div>\n\t\t<\/div>\n\t\t\t\t\t<\/div>\n\t\t<\/section>\n\t\t\t\t<section class=\"elementor-section elementor-top-section elementor-element elementor-element-aa8f572 elementor-section-height-min-height elementor-section-boxed elementor-section-height-default elementor-section-items-middle\" data-id=\"aa8f572\" data-element_type=\"section\" data-settings=\"{&quot;_ha_eqh_enable&quot;:false}\">\n\t\t\t\t\t\t<div class=\"elementor-container elementor-column-gap-default\">\n\t\t\t\t\t<div class=\"elementor-column elementor-col-50 elementor-top-column elementor-element elementor-element-30d8c24\" data-id=\"30d8c24\" data-element_type=\"column\">\n\t\t\t<div class=\"elementor-widget-wrap elementor-element-populated\">\n\t\t\t\t\t\t<div class=\"elementor-element elementor-element-b13a505 elementor-widget elementor-widget-image\" data-id=\"b13a505\" data-element_type=\"widget\" data-widget_type=\"image.default\">\n\t\t\t\t<div class=\"elementor-widget-container\">\n\t\t\t\t\t\t\t\t\t\t\t\t\t\t\t\t<a href=\"https:\/\/seanet.eu\/custom-yacht-ownership\/\">\n\t\t\t\t\t\t\t<img fetchpriority=\"high\" decoding=\"async\" width=\"800\" height=\"534\" src=\"https:\/\/seanet.eu\/wp-content\/uploads\/2022\/05\/222_N855969_ivanisevicivan.049eff21.jpg\" class=\"attachment-large size-large wp-image-1633\" alt=\"\" srcset=\"https:\/\/seanet.eu\/wp-content\/uploads\/2022\/05\/222_N855969_ivanisevicivan.049eff21.jpg 1024w, https:\/\/seanet.eu\/wp-content\/uploads\/2022\/05\/222_N855969_ivanisevicivan.049eff21-300x200.jpg 300w, https:\/\/seanet.eu\/wp-content\/uploads\/2022\/05\/222_N855969_ivanisevicivan.049eff21-768x512.jpg 768w\" sizes=\"(max-width: 800px) 100vw, 800px\" \/>\t\t\t\t\t\t\t\t<\/a>\n\t\t\t\t\t\t\t\t\t\t\t\t\t\t\t<\/div>\n\t\t\t\t<\/div>\n\t\t\t\t\t<\/div>\n\t\t<\/div>\n\t\t\t\t<div class=\"elementor-column elementor-col-50 elementor-top-column elementor-element elementor-element-3973317\" data-id=\"3973317\" data-element_type=\"column\">\n\t\t\t<div class=\"elementor-widget-wrap elementor-element-populated\">\n\t\t\t\t\t\t<div class=\"elementor-element elementor-element-6afd2bc elementor-widget elementor-widget-heading\" data-id=\"6afd2bc\" data-element_type=\"widget\" data-widget_type=\"heading.default\">\n\t\t\t\t<div class=\"elementor-widget-container\">\n\t\t\t\t\t<h2 class=\"elementor-heading-title elementor-size-default\">trotz der Pandemie<\/h2>\t\t\t\t<\/div>\n\t\t\t\t<\/div>\n\t\t\t\t<div class=\"elementor-element elementor-element-db31611 elementor-widget elementor-widget-text-editor\" data-id=\"db31611\" data-element_type=\"widget\" data-widget_type=\"text-editor.default\">\n\t\t\t\t<div class=\"elementor-widget-container\">\n\t\t\t\t\t\t\t\t\t<p>Der Erfolg von SeaNet zeigt, dass die Nachfrage nach Miteigentumsmodellen, die transparent sind und eine garantierte Nutzung bieten, immer gr\u00f6\u00dfer wird. Da die Branche weiterhin die Auswirkungen der Covid-19-Pandemie zu sp\u00fcren bekommt, wenden sich bestehende und zuk\u00fcnftige Yachteigent\u00fcmer an SeaNet und sein Angebot eines problemlosen, sicheren Weges zum Eigentum. SeaNet f\u00fcllt die prognostizierte L\u00fccke auf dem Yachtmarkt, indem es alle Vorteile des Yachteigentums und noch viel mehr bietet, ohne die finanziellen Auswirkungen, die mit der \u00dcberfahrt zum Hafen und den hohen Betriebskosten verbunden sind, die mit der Nutzung in der Doppelsaison einhergehen.    <\/p>\t\t\t\t\t\t\t\t<\/div>\n\t\t\t\t<\/div>\n\t\t\t\t\t<\/div>\n\t\t<\/div>\n\t\t\t\t\t<\/div>\n\t\t<\/section>\n\t\t\t\t<section class=\"elementor-section elementor-top-section elementor-element elementor-element-d4e64e2 elementor-section-height-min-height elementor-section-boxed elementor-section-height-default elementor-section-items-middle\" data-id=\"d4e64e2\" data-element_type=\"section\" data-settings=\"{&quot;_ha_eqh_enable&quot;:false}\">\n\t\t\t\t\t\t<div class=\"elementor-container elementor-column-gap-default\">\n\t\t\t\t\t<div class=\"elementor-column elementor-col-50 elementor-top-column elementor-element elementor-element-822215f\" data-id=\"822215f\" data-element_type=\"column\">\n\t\t\t<div class=\"elementor-widget-wrap elementor-element-populated\">\n\t\t\t\t\t\t<div class=\"elementor-element elementor-element-ae4c688 elementor-widget elementor-widget-heading\" data-id=\"ae4c688\" data-element_type=\"widget\" data-widget_type=\"heading.default\">\n\t\t\t\t<div class=\"elementor-widget-container\">\n\t\t\t\t\t<h2 class=\"elementor-heading-title elementor-size-default\">Kommentar unseres Gesch\u00e4ftsf\u00fchrers<\/h2>\t\t\t\t<\/div>\n\t\t\t\t<\/div>\n\t\t\t\t<div class=\"elementor-element elementor-element-5ebdf6e elementor-widget elementor-widget-text-editor\" data-id=\"5ebdf6e\" data-element_type=\"widget\" data-widget_type=\"text-editor.default\">\n\t\t\t\t<div class=\"elementor-widget-container\">\n\t\t\t\t\t\t\t\t\t<p>CEO Matty Zadnikar kommentiert: &#8222;Bei SeaNet konnten wir bestehenden und zuk\u00fcnftigen Yachteigent\u00fcmern die M\u00f6glichkeit bieten, sich uns anzuschlie\u00dfen, um nicht nur die laufenden Kosten und das Management ihrer Yacht zu reduzieren, sondern auch den damit verbundenen \u00c4rger und Stress zu beseitigen. Als Eigent\u00fcmer wei\u00df ich, dass diese Yachten unser zweites Zuhause sind und mehr denn je einen Ort der Sicherheit, des Komforts und des Vergn\u00fcgens mit unseren Lieben darstellen. Es ist wichtig, dass heutige und k\u00fcnftige Yachteigent\u00fcmer sich gegen k\u00fcnftige Unw\u00e4gbarkeiten absichern, indem sie mit uns zusammenarbeiten, um eine sichere Yachtumgebung zu schaffen, die Spa\u00df macht, sicher ist und auch in Zukunft Bestand hat.  <\/p>\t\t\t\t\t\t\t\t<\/div>\n\t\t\t\t<\/div>\n\t\t\t\t\t<\/div>\n\t\t<\/div>\n\t\t\t\t<div class=\"elementor-column elementor-col-50 elementor-top-column elementor-element elementor-element-175e693\" data-id=\"175e693\" data-element_type=\"column\">\n\t\t\t<div class=\"elementor-widget-wrap elementor-element-populated\">\n\t\t\t\t\t\t<div class=\"elementor-element elementor-element-6ff8d75 elementor-widget elementor-widget-image\" data-id=\"6ff8d75\" data-element_type=\"widget\" data-widget_type=\"image.default\">\n\t\t\t\t<div class=\"elementor-widget-container\">\n\t\t\t\t\t\t\t\t\t\t\t\t\t\t\t\t<a href=\"https:\/\/seanet.eu\/custom-yacht-ownership\/\">\n\t\t\t\t\t\t\t<img decoding=\"async\" width=\"800\" height=\"534\" src=\"https:\/\/seanet.eu\/wp-content\/uploads\/2022\/05\/226_N855936_ivanisevicivan.049eff21.jpg\" class=\"attachment-large size-large wp-image-12584\" alt=\"\" srcset=\"https:\/\/seanet.eu\/wp-content\/uploads\/2022\/05\/226_N855936_ivanisevicivan.049eff21.jpg 1024w, https:\/\/seanet.eu\/wp-content\/uploads\/2022\/05\/226_N855936_ivanisevicivan.049eff21-300x200.jpg 300w, https:\/\/seanet.eu\/wp-content\/uploads\/2022\/05\/226_N855936_ivanisevicivan.049eff21-768x512.jpg 768w\" sizes=\"(max-width: 800px) 100vw, 800px\" \/>\t\t\t\t\t\t\t\t<\/a>\n\t\t\t\t\t\t\t\t\t\t\t\t\t\t\t<\/div>\n\t\t\t\t<\/div>\n\t\t\t\t\t<\/div>\n\t\t<\/div>\n\t\t\t\t\t<\/div>\n\t\t<\/section>\n\t\t\t\t<\/div>\n\t\t","protected":false},"excerpt":{"rendered":"<p>SeaNet hat einen weiteren Verkauf bekannt gegeben und damit seine Position als weltweit f\u00fchrender Miteigent\u00fcmer von Yachten weiter gefestigt. Die Anteile an der Benetti Mediterraneo 116, der vierten Yacht in der Miteigent\u00fcmerflotte, wurden vollst\u00e4ndig verkauft. Der endg\u00fcltige Anteil von 22,2% im Wert von 3 Mio. \u20ac (inkl. MwSt.) markiert den Abschluss dieser beeindruckenden Miteigentumsstruktur von sechs gleichgesinnten Eignern und beinhaltet eine garantierte Nutzung sowohl in Europa als auch in der Karibik. <\/p>\n","protected":false},"author":1,"featured_media":10996,"comment_status":"closed","ping_status":"closed","sticky":false,"template":"","format":"standard","meta":{"_acf_changed":false,"inline_featured_image":false,"footnotes":""},"categories":[109],"tags":[],"class_list":["post-10995","post","type-post","status-publish","format-standard","has-post-thumbnail","hentry","category-nicht-kategorisiert"],"acf":[],"yoast_head":"<!-- This site is optimized with the Yoast SEO plugin v27.5 - https:\/\/yoast.com\/product\/yoast-seo-wordpress\/ -->\n<title>SEANET VERKAUFT 22% DER 116&#039; BENETTI MEDITERRANEO | SeaNet<\/title>\n<meta name=\"description\" content=\"SEANET VERKAUFT 22% DER 116&#039; BENETTI MEDITERRANEO. More yachting news on our website.\" \/>\n<meta name=\"robots\" content=\"index, follow, max-snippet:-1, max-image-preview:large, max-video-preview:-1\" \/>\n<link rel=\"canonical\" href=\"https:\/\/seanet.eu\/de\/news\/seanet-verkauft-22-der-116-benetti-mediterraneo\/\" \/>\n<meta property=\"og:locale\" content=\"de_DE\" \/>\n<meta property=\"og:type\" content=\"article\" \/>\n<meta property=\"og:title\" content=\"SEANET VERKAUFT 22% DER 116&#039; BENETTI MEDITERRANEO | SeaNet\" \/>\n<meta property=\"og:description\" content=\"SEANET VERKAUFT 22% DER 116&#039; BENETTI MEDITERRANEO. More yachting news on our website.\" \/>\n<meta property=\"og:url\" content=\"https:\/\/seanet.eu\/de\/news\/seanet-verkauft-22-der-116-benetti-mediterraneo\/\" \/>\n<meta property=\"og:site_name\" content=\"SeaNet\" \/>\n<meta property=\"article:published_time\" content=\"2020-09-12T12:30:35+00:00\" \/>\n<meta property=\"article:modified_time\" content=\"2025-12-10T10:23:19+00:00\" \/>\n<meta property=\"og:image\" content=\"https:\/\/seanet.eu\/wp-content\/uploads\/2022\/05\/234_DJI_0321_ivanisevicivan.049eff21.jpg\" \/>\n\t<meta property=\"og:image:width\" content=\"1024\" \/>\n\t<meta property=\"og:image:height\" content=\"683\" \/>\n\t<meta property=\"og:image:type\" content=\"image\/jpeg\" \/>\n<meta name=\"author\" content=\"alena\" \/>\n<meta name=\"twitter:card\" content=\"summary_large_image\" \/>\n<meta name=\"twitter:label1\" content=\"Verfasst von\" \/>\n\t<meta name=\"twitter:data1\" content=\"alena\" \/>\n\t<meta name=\"twitter:label2\" content=\"Gesch\u00e4tzte Lesezeit\" \/>\n\t<meta name=\"twitter:data2\" content=\"2\u00a0Minuten\" \/>\n<script type=\"application\/ld+json\" class=\"yoast-schema-graph\">{\"@context\":\"https:\\\/\\\/schema.org\",\"@graph\":[{\"@type\":\"Article\",\"@id\":\"https:\\\/\\\/seanet.eu\\\/de\\\/news\\\/seanet-verkauft-22-der-116-benetti-mediterraneo\\\/#article\",\"isPartOf\":{\"@id\":\"https:\\\/\\\/seanet.eu\\\/de\\\/news\\\/seanet-verkauft-22-der-116-benetti-mediterraneo\\\/\"},\"author\":{\"name\":\"alena\",\"@id\":\"https:\\\/\\\/seanet.eu\\\/de\\\/#\\\/schema\\\/person\\\/89119106fbaee96d54909d4da348db9a\"},\"headline\":\"SEANET VERKAUFT 22% DER 116&#8242; BENETTI MEDITERRANEO\",\"datePublished\":\"2020-09-12T12:30:35+00:00\",\"dateModified\":\"2025-12-10T10:23:19+00:00\",\"mainEntityOfPage\":{\"@id\":\"https:\\\/\\\/seanet.eu\\\/de\\\/news\\\/seanet-verkauft-22-der-116-benetti-mediterraneo\\\/\"},\"wordCount\":370,\"publisher\":{\"@id\":\"https:\\\/\\\/seanet.eu\\\/de\\\/#organization\"},\"image\":{\"@id\":\"https:\\\/\\\/seanet.eu\\\/de\\\/news\\\/seanet-verkauft-22-der-116-benetti-mediterraneo\\\/#primaryimage\"},\"thumbnailUrl\":\"https:\\\/\\\/seanet.eu\\\/wp-content\\\/uploads\\\/2022\\\/05\\\/234_DJI_0321_ivanisevicivan.049eff21.jpg\",\"articleSection\":[\"Nicht kategorisiert\"],\"inLanguage\":\"de\"},{\"@type\":\"WebPage\",\"@id\":\"https:\\\/\\\/seanet.eu\\\/de\\\/news\\\/seanet-verkauft-22-der-116-benetti-mediterraneo\\\/\",\"url\":\"https:\\\/\\\/seanet.eu\\\/de\\\/news\\\/seanet-verkauft-22-der-116-benetti-mediterraneo\\\/\",\"name\":\"SEANET VERKAUFT 22% DER 116' BENETTI MEDITERRANEO | SeaNet\",\"isPartOf\":{\"@id\":\"https:\\\/\\\/seanet.eu\\\/de\\\/#website\"},\"primaryImageOfPage\":{\"@id\":\"https:\\\/\\\/seanet.eu\\\/de\\\/news\\\/seanet-verkauft-22-der-116-benetti-mediterraneo\\\/#primaryimage\"},\"image\":{\"@id\":\"https:\\\/\\\/seanet.eu\\\/de\\\/news\\\/seanet-verkauft-22-der-116-benetti-mediterraneo\\\/#primaryimage\"},\"thumbnailUrl\":\"https:\\\/\\\/seanet.eu\\\/wp-content\\\/uploads\\\/2022\\\/05\\\/234_DJI_0321_ivanisevicivan.049eff21.jpg\",\"datePublished\":\"2020-09-12T12:30:35+00:00\",\"dateModified\":\"2025-12-10T10:23:19+00:00\",\"description\":\"SEANET VERKAUFT 22% DER 116' BENETTI MEDITERRANEO. More yachting news on our website.\",\"breadcrumb\":{\"@id\":\"https:\\\/\\\/seanet.eu\\\/de\\\/news\\\/seanet-verkauft-22-der-116-benetti-mediterraneo\\\/#breadcrumb\"},\"inLanguage\":\"de\",\"potentialAction\":[{\"@type\":\"ReadAction\",\"target\":[\"https:\\\/\\\/seanet.eu\\\/de\\\/news\\\/seanet-verkauft-22-der-116-benetti-mediterraneo\\\/\"]}]},{\"@type\":\"ImageObject\",\"inLanguage\":\"de\",\"@id\":\"https:\\\/\\\/seanet.eu\\\/de\\\/news\\\/seanet-verkauft-22-der-116-benetti-mediterraneo\\\/#primaryimage\",\"url\":\"https:\\\/\\\/seanet.eu\\\/wp-content\\\/uploads\\\/2022\\\/05\\\/234_DJI_0321_ivanisevicivan.049eff21.jpg\",\"contentUrl\":\"https:\\\/\\\/seanet.eu\\\/wp-content\\\/uploads\\\/2022\\\/05\\\/234_DJI_0321_ivanisevicivan.049eff21.jpg\",\"width\":1024,\"height\":683},{\"@type\":\"BreadcrumbList\",\"@id\":\"https:\\\/\\\/seanet.eu\\\/de\\\/news\\\/seanet-verkauft-22-der-116-benetti-mediterraneo\\\/#breadcrumb\",\"itemListElement\":[{\"@type\":\"ListItem\",\"position\":1,\"name\":\"Home\",\"item\":\"https:\\\/\\\/seanet.eu\\\/de\\\/\"},{\"@type\":\"ListItem\",\"position\":2,\"name\":\"SEANET VERKAUFT 22% DER 116&#8242; BENETTI MEDITERRANEO\"}]},{\"@type\":\"WebSite\",\"@id\":\"https:\\\/\\\/seanet.eu\\\/de\\\/#website\",\"url\":\"https:\\\/\\\/seanet.eu\\\/de\\\/\",\"name\":\"SeaNet\",\"description\":\"Shared Yacht Ownership\",\"publisher\":{\"@id\":\"https:\\\/\\\/seanet.eu\\\/de\\\/#organization\"},\"potentialAction\":[{\"@type\":\"SearchAction\",\"target\":{\"@type\":\"EntryPoint\",\"urlTemplate\":\"https:\\\/\\\/seanet.eu\\\/de\\\/?s={search_term_string}\"},\"query-input\":{\"@type\":\"PropertyValueSpecification\",\"valueRequired\":true,\"valueName\":\"search_term_string\"}}],\"inLanguage\":\"de\"},{\"@type\":\"Organization\",\"@id\":\"https:\\\/\\\/seanet.eu\\\/de\\\/#organization\",\"name\":\"Seanet Europe\",\"url\":\"https:\\\/\\\/seanet.eu\\\/de\\\/\",\"logo\":{\"@type\":\"ImageObject\",\"inLanguage\":\"de\",\"@id\":\"https:\\\/\\\/seanet.eu\\\/de\\\/#\\\/schema\\\/logo\\\/image\\\/\",\"url\":\"https:\\\/\\\/seanet.eu\\\/wp-content\\\/uploads\\\/2022\\\/04\\\/logo-seanet.png\",\"contentUrl\":\"https:\\\/\\\/seanet.eu\\\/wp-content\\\/uploads\\\/2022\\\/04\\\/logo-seanet.png\",\"width\":156,\"height\":110,\"caption\":\"Seanet Europe\"},\"image\":{\"@id\":\"https:\\\/\\\/seanet.eu\\\/de\\\/#\\\/schema\\\/logo\\\/image\\\/\"}},{\"@type\":\"Person\",\"@id\":\"https:\\\/\\\/seanet.eu\\\/de\\\/#\\\/schema\\\/person\\\/89119106fbaee96d54909d4da348db9a\",\"name\":\"alena\",\"image\":{\"@type\":\"ImageObject\",\"inLanguage\":\"de\",\"@id\":\"https:\\\/\\\/secure.gravatar.com\\\/avatar\\\/f40842e087072cb2a2af9907cf72afd10ad955a60eea9bc71821deb8f75dab40?s=96&d=mm&r=g\",\"url\":\"https:\\\/\\\/secure.gravatar.com\\\/avatar\\\/f40842e087072cb2a2af9907cf72afd10ad955a60eea9bc71821deb8f75dab40?s=96&d=mm&r=g\",\"contentUrl\":\"https:\\\/\\\/secure.gravatar.com\\\/avatar\\\/f40842e087072cb2a2af9907cf72afd10ad955a60eea9bc71821deb8f75dab40?s=96&d=mm&r=g\",\"caption\":\"alena\"},\"sameAs\":[\"https:\\\/\\\/seanet.eu\"],\"url\":\"https:\\\/\\\/seanet.eu\\\/de\\\/news\\\/author\\\/alena\\\/\"}]}<\/script>\n<!-- \/ Yoast SEO plugin. -->","yoast_head_json":{"title":"SEANET VERKAUFT 22% DER 116' BENETTI MEDITERRANEO | SeaNet","description":"SEANET VERKAUFT 22% DER 116' BENETTI MEDITERRANEO. More yachting news on our website.","robots":{"index":"index","follow":"follow","max-snippet":"max-snippet:-1","max-image-preview":"max-image-preview:large","max-video-preview":"max-video-preview:-1"},"canonical":"https:\/\/seanet.eu\/de\/news\/seanet-verkauft-22-der-116-benetti-mediterraneo\/","og_locale":"de_DE","og_type":"article","og_title":"SEANET VERKAUFT 22% DER 116' BENETTI MEDITERRANEO | SeaNet","og_description":"SEANET VERKAUFT 22% DER 116' BENETTI MEDITERRANEO. More yachting news on our website.","og_url":"https:\/\/seanet.eu\/de\/news\/seanet-verkauft-22-der-116-benetti-mediterraneo\/","og_site_name":"SeaNet","article_published_time":"2020-09-12T12:30:35+00:00","article_modified_time":"2025-12-10T10:23:19+00:00","og_image":[{"width":1024,"height":683,"url":"https:\/\/seanet.eu\/wp-content\/uploads\/2022\/05\/234_DJI_0321_ivanisevicivan.049eff21.jpg","type":"image\/jpeg"}],"author":"alena","twitter_card":"summary_large_image","twitter_misc":{"Verfasst von":"alena","Gesch\u00e4tzte Lesezeit":"2\u00a0Minuten"},"schema":{"@context":"https:\/\/schema.org","@graph":[{"@type":"Article","@id":"https:\/\/seanet.eu\/de\/news\/seanet-verkauft-22-der-116-benetti-mediterraneo\/#article","isPartOf":{"@id":"https:\/\/seanet.eu\/de\/news\/seanet-verkauft-22-der-116-benetti-mediterraneo\/"},"author":{"name":"alena","@id":"https:\/\/seanet.eu\/de\/#\/schema\/person\/89119106fbaee96d54909d4da348db9a"},"headline":"SEANET VERKAUFT 22% DER 116&#8242; BENETTI MEDITERRANEO","datePublished":"2020-09-12T12:30:35+00:00","dateModified":"2025-12-10T10:23:19+00:00","mainEntityOfPage":{"@id":"https:\/\/seanet.eu\/de\/news\/seanet-verkauft-22-der-116-benetti-mediterraneo\/"},"wordCount":370,"publisher":{"@id":"https:\/\/seanet.eu\/de\/#organization"},"image":{"@id":"https:\/\/seanet.eu\/de\/news\/seanet-verkauft-22-der-116-benetti-mediterraneo\/#primaryimage"},"thumbnailUrl":"https:\/\/seanet.eu\/wp-content\/uploads\/2022\/05\/234_DJI_0321_ivanisevicivan.049eff21.jpg","articleSection":["Nicht kategorisiert"],"inLanguage":"de"},{"@type":"WebPage","@id":"https:\/\/seanet.eu\/de\/news\/seanet-verkauft-22-der-116-benetti-mediterraneo\/","url":"https:\/\/seanet.eu\/de\/news\/seanet-verkauft-22-der-116-benetti-mediterraneo\/","name":"SEANET VERKAUFT 22% DER 116' BENETTI MEDITERRANEO | SeaNet","isPartOf":{"@id":"https:\/\/seanet.eu\/de\/#website"},"primaryImageOfPage":{"@id":"https:\/\/seanet.eu\/de\/news\/seanet-verkauft-22-der-116-benetti-mediterraneo\/#primaryimage"},"image":{"@id":"https:\/\/seanet.eu\/de\/news\/seanet-verkauft-22-der-116-benetti-mediterraneo\/#primaryimage"},"thumbnailUrl":"https:\/\/seanet.eu\/wp-content\/uploads\/2022\/05\/234_DJI_0321_ivanisevicivan.049eff21.jpg","datePublished":"2020-09-12T12:30:35+00:00","dateModified":"2025-12-10T10:23:19+00:00","description":"SEANET VERKAUFT 22% DER 116' BENETTI MEDITERRANEO. More yachting news on our website.","breadcrumb":{"@id":"https:\/\/seanet.eu\/de\/news\/seanet-verkauft-22-der-116-benetti-mediterraneo\/#breadcrumb"},"inLanguage":"de","potentialAction":[{"@type":"ReadAction","target":["https:\/\/seanet.eu\/de\/news\/seanet-verkauft-22-der-116-benetti-mediterraneo\/"]}]},{"@type":"ImageObject","inLanguage":"de","@id":"https:\/\/seanet.eu\/de\/news\/seanet-verkauft-22-der-116-benetti-mediterraneo\/#primaryimage","url":"https:\/\/seanet.eu\/wp-content\/uploads\/2022\/05\/234_DJI_0321_ivanisevicivan.049eff21.jpg","contentUrl":"https:\/\/seanet.eu\/wp-content\/uploads\/2022\/05\/234_DJI_0321_ivanisevicivan.049eff21.jpg","width":1024,"height":683},{"@type":"BreadcrumbList","@id":"https:\/\/seanet.eu\/de\/news\/seanet-verkauft-22-der-116-benetti-mediterraneo\/#breadcrumb","itemListElement":[{"@type":"ListItem","position":1,"name":"Home","item":"https:\/\/seanet.eu\/de\/"},{"@type":"ListItem","position":2,"name":"SEANET VERKAUFT 22% DER 116&#8242; BENETTI MEDITERRANEO"}]},{"@type":"WebSite","@id":"https:\/\/seanet.eu\/de\/#website","url":"https:\/\/seanet.eu\/de\/","name":"SeaNet","description":"Shared Yacht Ownership","publisher":{"@id":"https:\/\/seanet.eu\/de\/#organization"},"potentialAction":[{"@type":"SearchAction","target":{"@type":"EntryPoint","urlTemplate":"https:\/\/seanet.eu\/de\/?s={search_term_string}"},"query-input":{"@type":"PropertyValueSpecification","valueRequired":true,"valueName":"search_term_string"}}],"inLanguage":"de"},{"@type":"Organization","@id":"https:\/\/seanet.eu\/de\/#organization","name":"Seanet Europe","url":"https:\/\/seanet.eu\/de\/","logo":{"@type":"ImageObject","inLanguage":"de","@id":"https:\/\/seanet.eu\/de\/#\/schema\/logo\/image\/","url":"https:\/\/seanet.eu\/wp-content\/uploads\/2022\/04\/logo-seanet.png","contentUrl":"https:\/\/seanet.eu\/wp-content\/uploads\/2022\/04\/logo-seanet.png","width":156,"height":110,"caption":"Seanet Europe"},"image":{"@id":"https:\/\/seanet.eu\/de\/#\/schema\/logo\/image\/"}},{"@type":"Person","@id":"https:\/\/seanet.eu\/de\/#\/schema\/person\/89119106fbaee96d54909d4da348db9a","name":"alena","image":{"@type":"ImageObject","inLanguage":"de","@id":"https:\/\/secure.gravatar.com\/avatar\/f40842e087072cb2a2af9907cf72afd10ad955a60eea9bc71821deb8f75dab40?s=96&d=mm&r=g","url":"https:\/\/secure.gravatar.com\/avatar\/f40842e087072cb2a2af9907cf72afd10ad955a60eea9bc71821deb8f75dab40?s=96&d=mm&r=g","contentUrl":"https:\/\/secure.gravatar.com\/avatar\/f40842e087072cb2a2af9907cf72afd10ad955a60eea9bc71821deb8f75dab40?s=96&d=mm&r=g","caption":"alena"},"sameAs":["https:\/\/seanet.eu"],"url":"https:\/\/seanet.eu\/de\/news\/author\/alena\/"}]}},"_links":{"self":[{"href":"https:\/\/seanet.eu\/de\/wp-json\/wp\/v2\/posts\/10995","targetHints":{"allow":["GET"]}}],"collection":[{"href":"https:\/\/seanet.eu\/de\/wp-json\/wp\/v2\/posts"}],"about":[{"href":"https:\/\/seanet.eu\/de\/wp-json\/wp\/v2\/types\/post"}],"author":[{"embeddable":true,"href":"https:\/\/seanet.eu\/de\/wp-json\/wp\/v2\/users\/1"}],"replies":[{"embeddable":true,"href":"https:\/\/seanet.eu\/de\/wp-json\/wp\/v2\/comments?post=10995"}],"version-history":[{"count":1,"href":"https:\/\/seanet.eu\/de\/wp-json\/wp\/v2\/posts\/10995\/revisions"}],"predecessor-version":[{"id":10997,"href":"https:\/\/seanet.eu\/de\/wp-json\/wp\/v2\/posts\/10995\/revisions\/10997"}],"wp:featuredmedia":[{"embeddable":true,"href":"https:\/\/seanet.eu\/de\/wp-json\/wp\/v2\/media\/10996"}],"wp:attachment":[{"href":"https:\/\/seanet.eu\/de\/wp-json\/wp\/v2\/media?parent=10995"}],"wp:term":[{"taxonomy":"category","embeddable":true,"href":"https:\/\/seanet.eu\/de\/wp-json\/wp\/v2\/categories?post=10995"},{"taxonomy":"post_tag","embeddable":true,"href":"https:\/\/seanet.eu\/de\/wp-json\/wp\/v2\/tags?post=10995"}],"curies":[{"name":"wp","href":"https:\/\/api.w.org\/{rel}","templated":true}]}}